[{"@context":"https:\/\/schema.org\/","@type":"Article","@id":"https:\/\/www.contexo.cz\/zivotni-udalosti-oslavme-dustojne\/#Article","mainEntityOfPage":"https:\/\/www.contexo.cz\/zivotni-udalosti-oslavme-dustojne\/","headline":"\u017divotn\u00ed ud\u00e1losti oslavme d\u016fstojn\u011b","name":"\u017divotn\u00ed ud\u00e1losti oslavme d\u016fstojn\u011b","description":"Ka\u017ed\u00fd m\u00e1 ve sv\u00e9m \u017eivot\u011b chvilky, kter\u00e9 jsou pro n\u011bho t\u00edm nejd\u016fle\u017eit\u011bj\u0161\u00edm \u017eivotn\u00edm momentem. Pro n\u011bkoho je to svatba , [&hellip;]","datePublished":"2025-03-01","dateModified":"2023-05-03","author":{"@type":"Person","@id":"https:\/\/www.contexo.cz\/author\/#Person","name":"","url":"https:\/\/www.contexo.cz\/author\/","identifier":1,"image":{"@type":"ImageObject","@id":"https:\/\/secure.gravatar.com\/avatar\/e5312f21b37eec0871f00feffaf403580ddf46c2d055479cc6723fb0100721f2?s=96&d=mm&r=g","url":"https:\/\/secure.gravatar.com\/avatar\/e5312f21b37eec0871f00feffaf403580ddf46c2d055479cc6723fb0100721f2?s=96&d=mm&r=g","height":96,"width":96}},"publisher":{"@type":"Organization","name":"contexo.cz","logo":{"@type":"ImageObject","@id":"\/logo.png","url":"\/logo.png","width":600,"height":60}},"image":{"@type":"ImageObject","@id":"https:\/\/www.contexo.cz\/wp-content\/uploads\/img_a305548_w2340_t1517051170.jpg","url":"https:\/\/www.contexo.cz\/wp-content\/uploads\/img_a305548_w2340_t1517051170.jpg","height":0,"width":0},"url":"https:\/\/www.contexo.cz\/zivotni-udalosti-oslavme-dustojne\/","wordCount":402,"articleBody":"Ka\u017ed\u00fd m\u00e1 ve sv\u00e9m \u017eivot\u011b chvilky, kter\u00e9 jsou pro n\u011bho t\u00edm nejd\u016fle\u017eit\u011bj\u0161\u00edm \u017eivotn\u00edm momentem. Pro n\u011bkoho je to svatba , promoce d\u011bt\u00ed, oslava kulat\u00fdch narozenin, v\u00fdro\u010d\u00ed svatby rodi\u010d\u016f nebo prarodi\u010d\u016f, narozen\u00ed d\u00edt\u011bte a mnoho dal\u0161\u00edch d\u016fle\u017eit\u00fdch moment\u016f, kter\u00e9 chcete oslavit s na\u0161imi bl\u00edzk\u00fdmi. Oslavu \u017eivotn\u00edch ud\u00e1lost\u00ed si ka\u017ed\u00fd p\u0159edstavujeme jinak. Co t\u0159eba takov\u00e1 oslava pades\u00e1tin? Je to docela zlomov\u00fd v\u011bk a jen m\u00e1lokdo ho neoslav\u00ed. Nab\u00edz\u00ed se n\u00e1m n\u011bkolik mo\u017enost\u00ed. Mo\u017en\u00e1 se chyst\u00e1te oslavu uspo\u0159\u00e1dat pro n\u011bkolik r\u016fznorod\u00fdch spole\u010dnost\u00ed a od toho se tak\u00e9 bude z\u0159ejm\u011b odv\u00edjet m\u00edsto kon\u00e1n\u00ed. V\u0161ichni budete ur\u010dit\u011b cht\u00edt, aby pr\u00e1v\u011b va\u0161e oslava byla pro ostatn\u00ed a samoz\u0159ejm\u011b i pro v\u00e1s nezapomenuteln\u00e1. Ur\u010dit\u011b neopomenete oslavu s nejbli\u017e\u0161\u00ed rodinou. M\u016f\u017eete je pozvat do obl\u00edben\u00e9 restaurace na n\u011bjak\u00e9 dobr\u00e9 j\u00eddlo a posezen\u00ed. Je to takov\u00e1 klasika, ale n\u011bkomu bude asi vyhovovat nejv\u00edce. Mo\u017en\u00e1 pro star\u0161\u00ed ro\u010dn\u00edky, kter\u00e9 budou na oslav\u011b spolu s v\u00e1mi ide\u00e1ln\u00ed volba. Oslavu spojenou s grilov\u00e1n\u00edm n\u011bjak\u00e9ho dobr\u00e9ho kusu masa s chlazen\u00fdm to\u010den\u00fdm pivem p\u0159iv\u00edtaj\u00ed asi \u017eiv\u011bj\u0161\u00ed host\u00e9 oslavence. Z\u00e1bavu ur\u010dit\u011b rozproud\u00ed n\u011bjak\u00e1 p\u011bkn\u00e1 hudba nebo kytarov\u00fd doprovod, p\u0159i kter\u00e9m si ka\u017ed\u00fd r\u00e1d zazp\u00edv\u00e1. Pokud m\u00e1te host\u016f v\u011bt\u0161\u00ed po\u010det a chcete oslavu uspo\u0159\u00e1dat najednou, m\u016f\u017ee b\u00fdt dobr\u00fdm n\u00e1padem pron\u00e1jem penzionu nebo chalupy, pokud nevlastn\u00edte p\u0159\u00edmo svoji. Penziony jsou v\u011bt\u0161inou na takov\u00e9to akce dob\u0159e p\u0159ipraveni a v\u00e1m odpadne starost s p\u0159\u00edpravou ob\u010derstven\u00ed a zaji\u0161t\u011bn\u00edm obsluhy host\u016f. Nespornou v\u00fdhodou bude ubytov\u00e1n\u00ed pro ty, kte\u0159\u00ed se hned po oslav\u011b nebudou chystat dom\u016f. M\u016f\u017ee se toti\u017e st\u00e1t, \u017ee v p\u0159\u00edpad\u011b, \u017ee si pozvete n\u011bjakou kapelu, prodlou\u017e\u00ed se z\u00e1bava i tanec a\u017e do pozdn\u00edch rann\u00edch hodin. Nen\u00ed a\u017e tak d\u016fle\u017eit\u00e9, kde bude va\u0161e oslava prob\u00edhat. Podstatn\u00e9 je s k\u00fdm, budete tyto pro v\u00e1s d\u016fle\u017eit\u00e9 okam\u017eiky tr\u00e1vit.                                                                                                                                                                                                                                                                                                                                                                                        4.3\/5 - (7 votes)        "},{"@context":"https:\/\/schema.org\/","@type":"BreadcrumbList","itemListElement":[{"@type":"ListItem","position":1,"name":"\u017divotn\u00ed ud\u00e1losti oslavme d\u016fstojn\u011b","item":"https:\/\/www.contexo.cz\/zivotni-udalosti-oslavme-dustojne\/#breadcrumbitem"}]}]