{"@context":"https:\/\/schema.org\/","@type":"CollectionPage","@id":"https:\/\/www.contexo.cz\/zivotni-styl\/#CollectionPage","headline":"\u017divotn\u00ed styl Category","description":"","url":"https:\/\/www.contexo.cz\/zivotni-styl\/","hasPart":[{"@type":"Article","@id":"https:\/\/www.contexo.cz\/prorocke-sny-opravdu-existuji\/","headline":"Prorock\u00e9 sny \u2013 opravdu existuj\u00ed?","url":"https:\/\/www.contexo.cz\/prorocke-sny-opravdu-existuji\/","datePublished":"2025-05-13","dateModified":"2025-05-13","mainEntityOfPage":"https:\/\/www.contexo.cz\/prorocke-sny-opravdu-existuji\/","author":{"@type":"Person","@id":"https:\/\/www.contexo.cz\/author\/#Person","name":"","url":"https:\/\/www.contexo.cz\/author\/","identifier":1,"image":{"@type":"ImageObject","@id":"https:\/\/secure.gravatar.com\/avatar\/e5312f21b37eec0871f00feffaf403580ddf46c2d055479cc6723fb0100721f2?s=96&d=mm&r=g","url":"https:\/\/secure.gravatar.com\/avatar\/e5312f21b37eec0871f00feffaf403580ddf46c2d055479cc6723fb0100721f2?s=96&d=mm&r=g","height":96,"width":96}},"publisher":{"@type":"Organization","name":"contexo.cz","logo":{"@type":"ImageObject","@id":"\/logo.png","url":"\/logo.png","width":600,"height":60}},"image":{"@type":"ImageObject","@id":"https:\/\/www.contexo.cz\/wp-content\/uploads\/sny_ylV75W.jpg","url":"https:\/\/www.contexo.cz\/wp-content\/uploads\/sny_ylV75W.jpg","height":0,"width":0},"keywords":null},{"@type":"Article","@id":"https:\/\/www.contexo.cz\/jak-vybrat-nejlepsi-kavu-na-espresso-pruvodce-pro-milovniky-silne-chuti\/","headline":"Jak vybrat nejlep\u0161\u00ed k\u00e1vu na espresso: Pr\u016fvodce pro milovn\u00edky siln\u00e9 chuti","url":"https:\/\/www.contexo.cz\/jak-vybrat-nejlepsi-kavu-na-espresso-pruvodce-pro-milovniky-silne-chuti\/","datePublished":"2025-05-07","dateModified":"2025-05-07","mainEntityOfPage":"https:\/\/www.contexo.cz\/jak-vybrat-nejlepsi-kavu-na-espresso-pruvodce-pro-milovniky-silne-chuti\/","author":{"@type":"Person","@id":"https:\/\/www.contexo.cz\/author\/#Person","name":"","url":"https:\/\/www.contexo.cz\/author\/","identifier":1,"image":{"@type":"ImageObject","@id":"https:\/\/secure.gravatar.com\/avatar\/e5312f21b37eec0871f00feffaf403580ddf46c2d055479cc6723fb0100721f2?s=96&d=mm&r=g","url":"https:\/\/secure.gravatar.com\/avatar\/e5312f21b37eec0871f00feffaf403580ddf46c2d055479cc6723fb0100721f2?s=96&d=mm&r=g","height":96,"width":96}},"publisher":{"@type":"Organization","name":"contexo.cz","logo":{"@type":"ImageObject","@id":"\/logo.png","url":"\/logo.png","width":600,"height":60}},"image":{"@type":"ImageObject","@id":"https:\/\/www.contexo.cz\/wp-content\/uploads\/16._5._2025_09_41_49_qPBDiJ.png","url":"https:\/\/www.contexo.cz\/wp-content\/uploads\/16._5._2025_09_41_49_qPBDiJ.png","height":0,"width":0},"keywords":null},{"@type":"Article","@id":"https:\/\/www.contexo.cz\/tri-mladi-kluci-a-ja-milfka-v-termalnich-laznich-ve-slovinku\/","headline":"T\u0159i mlad\u00ed kluci a j\u00e1 milfka v term\u00e1ln\u00edch l\u00e1zn\u00edch ve Slovinku","url":"https:\/\/www.contexo.cz\/tri-mladi-kluci-a-ja-milfka-v-termalnich-laznich-ve-slovinku\/","datePublished":"2023-05-20","dateModified":"2023-05-22","mainEntityOfPage":"https:\/\/www.contexo.cz\/tri-mladi-kluci-a-ja-milfka-v-termalnich-laznich-ve-slovinku\/","author":{"@type":"Person","@id":"https:\/\/www.contexo.cz\/author\/#Person","name":"","url":"https:\/\/www.contexo.cz\/author\/","identifier":1,"image":{"@type":"ImageObject","@id":"https:\/\/secure.gravatar.com\/avatar\/e5312f21b37eec0871f00feffaf403580ddf46c2d055479cc6723fb0100721f2?s=96&d=mm&r=g","url":"https:\/\/secure.gravatar.com\/avatar\/e5312f21b37eec0871f00feffaf403580ddf46c2d055479cc6723fb0100721f2?s=96&d=mm&r=g","height":96,"width":96}},"publisher":{"@type":"Organization","name":"contexo.cz","logo":{"@type":"ImageObject","@id":"\/logo.png","url":"\/logo.png","width":600,"height":60}},"image":{"@type":"ImageObject","@id":"https:\/\/www.contexo.cz\/wp-content\/uploads\/akt_zeny_36gNVv.jpg","url":"https:\/\/www.contexo.cz\/wp-content\/uploads\/akt_zeny_36gNVv.jpg","height":0,"width":0},"keywords":null},{"@type":"Article","@id":"https:\/\/www.contexo.cz\/poradenstvi-a-terapie-uzkosti\/","headline":"Poradenstv\u00ed a terapie \u00fazkosti","url":"https:\/\/www.contexo.cz\/poradenstvi-a-terapie-uzkosti\/","datePublished":"2022-02-13","dateModified":"2023-05-03","mainEntityOfPage":"https:\/\/www.contexo.cz\/poradenstvi-a-terapie-uzkosti\/","author":{"@type":"Person","@id":"https:\/\/www.contexo.cz\/author\/#Person","name":"","url":"https:\/\/www.contexo.cz\/author\/","identifier":1,"image":{"@type":"ImageObject","@id":"https:\/\/secure.gravatar.com\/avatar\/e5312f21b37eec0871f00feffaf403580ddf46c2d055479cc6723fb0100721f2?s=96&d=mm&r=g","url":"https:\/\/secure.gravatar.com\/avatar\/e5312f21b37eec0871f00feffaf403580ddf46c2d055479cc6723fb0100721f2?s=96&d=mm&r=g","height":96,"width":96}},"publisher":{"@type":"Organization","name":"contexo.cz","logo":{"@type":"ImageObject","@id":"\/logo.png","url":"\/logo.png","width":600,"height":60}},"image":{"@type":"ImageObject","@id":"https:\/\/www.contexo.cz\/wp-content\/uploads\/lide_na_psychoterapeutickem_sezeni_drnZzN.jpg","url":"https:\/\/www.contexo.cz\/wp-content\/uploads\/lide_na_psychoterapeutickem_sezeni_drnZzN.jpg","height":0,"width":0},"keywords":null},{"@type":"Article","@id":"https:\/\/www.contexo.cz\/damsky-oblek-pro-jake-prilezitosti-ho-nosit\/","headline":"D\u00e1msk\u00fd oblek &#8211; pro jak\u00e9 p\u0159\u00edle\u017eitosti ho nosit","url":"https:\/\/www.contexo.cz\/damsky-oblek-pro-jake-prilezitosti-ho-nosit\/","datePublished":"2021-04-11","dateModified":"2023-05-03","mainEntityOfPage":"https:\/\/www.contexo.cz\/damsky-oblek-pro-jake-prilezitosti-ho-nosit\/","author":{"@type":"Person","@id":"https:\/\/www.contexo.cz\/author\/#Person","name":"","url":"https:\/\/www.contexo.cz\/author\/","identifier":1,"image":{"@type":"ImageObject","@id":"https:\/\/secure.gravatar.com\/avatar\/e5312f21b37eec0871f00feffaf403580ddf46c2d055479cc6723fb0100721f2?s=96&d=mm&r=g","url":"https:\/\/secure.gravatar.com\/avatar\/e5312f21b37eec0871f00feffaf403580ddf46c2d055479cc6723fb0100721f2?s=96&d=mm&r=g","height":96,"width":96}},"publisher":{"@type":"Organization","name":"contexo.cz","logo":{"@type":"ImageObject","@id":"\/logo.png","url":"\/logo.png","width":600,"height":60}},"image":{"@type":"ImageObject","@id":"https:\/\/www.contexo.cz\/wp-content\/uploads\/lodi%C4%8Dky_RPL63t.jpg","url":"https:\/\/www.contexo.cz\/wp-content\/uploads\/lodi%C4%8Dky_RPL63t.jpg","height":0,"width":0},"keywords":null},{"@type":"Article","@id":"https:\/\/www.contexo.cz\/maurska-architektura-je-ve-spanelsku-vecne-ziva-udelate-si-vylet\/","headline":"Maursk\u00e1 architektura je ve \u0160pan\u011blsku v\u011b\u010dn\u011b \u017eiv\u00e1, ud\u011bl\u00e1te si v\u00fdlet?","url":"https:\/\/www.contexo.cz\/maurska-architektura-je-ve-spanelsku-vecne-ziva-udelate-si-vylet\/","datePublished":"2020-11-11","dateModified":"2023-05-03","mainEntityOfPage":"https:\/\/www.contexo.cz\/maurska-architektura-je-ve-spanelsku-vecne-ziva-udelate-si-vylet\/","author":{"@type":"Person","@id":"https:\/\/www.contexo.cz\/author\/#Person","name":"","url":"https:\/\/www.contexo.cz\/author\/","identifier":1,"image":{"@type":"ImageObject","@id":"https:\/\/secure.gravatar.com\/avatar\/e5312f21b37eec0871f00feffaf403580ddf46c2d055479cc6723fb0100721f2?s=96&d=mm&r=g","url":"https:\/\/secure.gravatar.com\/avatar\/e5312f21b37eec0871f00feffaf403580ddf46c2d055479cc6723fb0100721f2?s=96&d=mm&r=g","height":96,"width":96}},"publisher":{"@type":"Organization","name":"contexo.cz","logo":{"@type":"ImageObject","@id":"\/logo.png","url":"\/logo.png","width":600,"height":60}},"image":{"@type":"ImageObject","@id":"https:\/\/www.contexo.cz\/wp-content\/uploads\/fcb5a508ab1f98caa428eef56b053497_WCNY5a.jpg","url":"https:\/\/www.contexo.cz\/wp-content\/uploads\/fcb5a508ab1f98caa428eef56b053497_WCNY5a.jpg","height":0,"width":0},"keywords":null},{"@type":"Article","@id":"https:\/\/www.contexo.cz\/s-cestovkou-nebo-na-vlastni-pest\/","headline":"S cestovkou nebo na vlastn\u00ed p\u011bst","url":"https:\/\/www.contexo.cz\/s-cestovkou-nebo-na-vlastni-pest\/","datePublished":"2020-09-04","dateModified":"2023-05-03","mainEntityOfPage":"https:\/\/www.contexo.cz\/s-cestovkou-nebo-na-vlastni-pest\/","author":{"@type":"Person","@id":"https:\/\/www.contexo.cz\/author\/#Person","name":"","url":"https:\/\/www.contexo.cz\/author\/","identifier":1,"image":{"@type":"ImageObject","@id":"https:\/\/secure.gravatar.com\/avatar\/e5312f21b37eec0871f00feffaf403580ddf46c2d055479cc6723fb0100721f2?s=96&d=mm&r=g","url":"https:\/\/secure.gravatar.com\/avatar\/e5312f21b37eec0871f00feffaf403580ddf46c2d055479cc6723fb0100721f2?s=96&d=mm&r=g","height":96,"width":96}},"publisher":{"@type":"Organization","name":"contexo.cz","logo":{"@type":"ImageObject","@id":"\/logo.png","url":"\/logo.png","width":600,"height":60}},"image":null,"keywords":null},{"@type":"Article","@id":"https:\/\/www.contexo.cz\/zkuste-upravit-vnitrnosti\/","headline":"Zkuste upravit vnit\u0159nosti!","url":"https:\/\/www.contexo.cz\/zkuste-upravit-vnitrnosti\/","datePublished":"2019-11-05","dateModified":"2023-05-03","mainEntityOfPage":"https:\/\/www.contexo.cz\/zkuste-upravit-vnitrnosti\/","author":{"@type":"Person","@id":"https:\/\/www.contexo.cz\/author\/#Person","name":"","url":"https:\/\/www.contexo.cz\/author\/","identifier":1,"image":{"@type":"ImageObject","@id":"https:\/\/secure.gravatar.com\/avatar\/e5312f21b37eec0871f00feffaf403580ddf46c2d055479cc6723fb0100721f2?s=96&d=mm&r=g","url":"https:\/\/secure.gravatar.com\/avatar\/e5312f21b37eec0871f00feffaf403580ddf46c2d055479cc6723fb0100721f2?s=96&d=mm&r=g","height":96,"width":96}},"publisher":{"@type":"Organization","name":"contexo.cz","logo":{"@type":"ImageObject","@id":"\/logo.png","url":"\/logo.png","width":600,"height":60}},"image":{"@type":"ImageObject","@id":"https:\/\/www.contexo.cz\/wp-content\/uploads\/img_a362098_w3175_t1575099863.jpg","url":"https:\/\/www.contexo.cz\/wp-content\/uploads\/img_a362098_w3175_t1575099863.jpg","height":0,"width":0},"keywords":null},{"@type":"Article","@id":"https:\/\/www.contexo.cz\/kratke-ci-dlouhe-vlasy\/","headline":"Kr\u00e1tk\u00e9 \u010di dlouh\u00e9 vlasy?","url":"https:\/\/www.contexo.cz\/kratke-ci-dlouhe-vlasy\/","datePublished":"2019-06-12","dateModified":"2023-05-03","mainEntityOfPage":"https:\/\/www.contexo.cz\/kratke-ci-dlouhe-vlasy\/","author":{"@type":"Person","@id":"https:\/\/www.contexo.cz\/author\/#Person","name":"","url":"https:\/\/www.contexo.cz\/author\/","identifier":1,"image":{"@type":"ImageObject","@id":"https:\/\/secure.gravatar.com\/avatar\/e5312f21b37eec0871f00feffaf403580ddf46c2d055479cc6723fb0100721f2?s=96&d=mm&r=g","url":"https:\/\/secure.gravatar.com\/avatar\/e5312f21b37eec0871f00feffaf403580ddf46c2d055479cc6723fb0100721f2?s=96&d=mm&r=g","height":96,"width":96}},"publisher":{"@type":"Organization","name":"contexo.cz","logo":{"@type":"ImageObject","@id":"\/logo.png","url":"\/logo.png","width":600,"height":60}},"image":{"@type":"ImageObject","@id":"https:\/\/www.contexo.cz\/wp-content\/uploads\/img_a348443_w2402_t1563102739.jpg","url":"https:\/\/www.contexo.cz\/wp-content\/uploads\/img_a348443_w2402_t1563102739.jpg","height":0,"width":0},"keywords":null}]}