[{"@context":"https:\/\/schema.org\/","@type":"Article","@id":"https:\/\/www.contexo.cz\/veci-na-vlasy\/#Article","mainEntityOfPage":"https:\/\/www.contexo.cz\/veci-na-vlasy\/","headline":"V\u011bci na vlasy","name":"V\u011bci na vlasy","description":"Nen\u00ed technika jako technika. A jsem v\u017edycky m\u011bla techniku jako takovou, \u017ee je to hlavn\u011b pro mu\u017ee. Nebo mi \u0159ekn\u011bte, [&hellip;]","datePublished":"2022-05-31","dateModified":"2023-05-03","author":{"@type":"Person","@id":"https:\/\/www.contexo.cz\/author\/#Person","name":"","url":"https:\/\/www.contexo.cz\/author\/","identifier":1,"image":{"@type":"ImageObject","@id":"https:\/\/secure.gravatar.com\/avatar\/e5312f21b37eec0871f00feffaf403580ddf46c2d055479cc6723fb0100721f2?s=96&d=mm&r=g","url":"https:\/\/secure.gravatar.com\/avatar\/e5312f21b37eec0871f00feffaf403580ddf46c2d055479cc6723fb0100721f2?s=96&d=mm&r=g","height":96,"width":96}},"publisher":{"@type":"Organization","name":"contexo.cz","logo":{"@type":"ImageObject","@id":"\/logo.png","url":"\/logo.png","width":600,"height":60}},"image":{"@type":"ImageObject","@id":"https:\/\/www.contexo.cz\/wp-content\/uploads\/hair-5473077_960_720.jpg","url":"https:\/\/www.contexo.cz\/wp-content\/uploads\/hair-5473077_960_720.jpg","height":0,"width":0},"url":"https:\/\/www.contexo.cz\/veci-na-vlasy\/","about":["Technika"],"wordCount":410,"articleBody":"Nen\u00ed technika jako technika. A jsem v\u017edycky m\u011bla techniku jako takovou, \u017ee je to hlavn\u011b pro mu\u017ee. Nebo mi \u0159ekn\u011bte, co technick\u00e9ho m\u016f\u017ee b\u00fdt pro \u017eenu? Abych se v\u00e1m p\u0159iznala, j\u00e1 sama jsem to ani nev\u011bd\u011bla. A to sice m\u016fj p\u0159\u00edtel byl automechanik a taky opravoval t\u0159eba n\u011bco v kuchyni, ale j\u00e1 jsem se v tom nikdy nevyznala. A m\u016fj p\u0159\u00edteli pracuje u\u017e taky jako instalat\u00e9r, ale instalat\u00e9rsk\u00e9 pr\u00e1ce a tato technika ho moc nebavila, tak potom je\u0161t\u011b p\u0159estoupil na jin\u00fd u\u010debn\u00ed obor, a to na automechanika. Mysl\u00edm si, \u017ee automechanik je opravdu skv\u011bl\u00e1 pr\u00e1ce pro mu\u017ee. Podle m\u00e9ho n\u00e1zoru je automechanik opravdu takov\u00e1 mo\u017en\u00e1 pr\u00e1ce, kter\u00e1 se t\u00fdk\u00e1 techniky, kterou m\u016f\u017ee miluj\u00ed. Opravdu nezn\u00e1m \u017e\u00e1dn\u00e9ho mu\u017ee, kter\u00fd by nem\u011bl r\u00e1d techniku anebo dal\u0161\u00ed technick\u00e9 v\u011bci a vymo\u017eenosti. A zat\u00edmco my \u017eeny, sice taky m\u00e1me r\u00e1di techniku, ale \u00fapln\u011b jinou. T\u0159eba nap\u0159\u00edklad \u017eehli\u010dku na vlasy anebo taky \u017eehli\u010dku na oble\u010den\u00ed. Abych se v\u00e1m p\u0159iznala, opravdu bych se bez \u017eehli\u010dky na pr\u00e1dlo a bez \u017eehli\u010dky na vlasy v\u016fbec neode\u0161le. A to taky bych se neobe\u0161la bez kulmy na vlasy. Tu jist\u011b taky\u00a0milujete, je to opravdu pecka vyn\u00e1lez! J\u00e1 m\u00e1m toti\u017e velice \u0159\u00eddk\u00e9 vlasy, tak\u017ee si v\u011bt\u0161inou hlavn\u011b vlasy nat\u00e1\u010d\u00edm, abych z\u00edskala v\u00edce objemu. Ale kdy\u017e si d\u011bl\u00e1m zase cul\u00edk, tak chci, aby moje vlasy byly \u00fapln\u011b rovn\u00e9. Tak\u017ee zase pou\u017eiji \u017eehli\u010dku na vlasy. A opravdu mus\u00edm \u0159\u00edct, \u017ee jsem za tuto techniku opravdu r\u00e1da a \u0159\u00edk\u00e1m si, \u017ee opravdu je g\u00e9nius ten, kdo tohle vymyslel,\u00a0proto\u017ee\u00a0ode m\u011b by si zaslou\u017eil samoz\u0159ejm\u011b medaili a velk\u00e9 uzn\u00e1n\u00ed, proto\u017ee skv\u011bl\u00e9 a kvalitn\u00ed \u017eehli\u010dky a kulmy na vlasy n\u00e1m \u017een\u00e1m d\u011blaj\u00ed opravdu velkou radost. Nebo vy nic na\u00a0vlasy\u00a0nepou\u017e\u00edv\u00e1te?\u00a0Zn\u00e1m\u00a0plno \u017een, kter\u00e9 si nech\u00e1vaj\u00ed\u00a0vlasy\u00a0\u00fapln\u011b p\u0159\u00edrodn\u00ed a\u00a0techniku\u00a0k tomu nepot\u0159ebuj\u00ed. N\u011bkdy \u017eeny dokonce \u0159\u00edkaj\u00ed, \u017ee tato technika na vlasy, \u00faprava horkou kulmou vlasy ni\u010d\u00ed. Je to pravda, ale pro kr\u00e1su se ud\u011bl\u00e1 v\u0161echno.                                                                                                                                                                                                                                                                                                                                                                                        4.4\/5 - (13 votes)        "},{"@context":"https:\/\/schema.org\/","@type":"BreadcrumbList","itemListElement":[{"@type":"ListItem","position":1,"name":"V\u011bci na vlasy","item":"https:\/\/www.contexo.cz\/veci-na-vlasy\/#breadcrumbitem"}]}]