[{"@context":"https:\/\/schema.org\/","@type":"Article","@id":"https:\/\/www.contexo.cz\/kratke-ci-dlouhe-vlasy\/#Article","mainEntityOfPage":"https:\/\/www.contexo.cz\/kratke-ci-dlouhe-vlasy\/","headline":"Kr\u00e1tk\u00e9 \u010di dlouh\u00e9 vlasy?","name":"Kr\u00e1tk\u00e9 \u010di dlouh\u00e9 vlasy?","description":"A\u0165 u\u017e jste p\u0159\u00edznivcem kter\u00e9hokoli z\u00a0t\u011bchto t\u00e1bor\u016f, v\u011bzte, \u017ee d\u00e9lka vlas\u016f je v\u00a0prvn\u00ed \u0159ad\u011b pouze a pouze na v\u00e1s. Pokud [&hellip;]","datePublished":"2019-06-12","dateModified":"2023-05-03","author":{"@type":"Person","@id":"https:\/\/www.contexo.cz\/author\/#Person","name":"","url":"https:\/\/www.contexo.cz\/author\/","identifier":1,"image":{"@type":"ImageObject","@id":"https:\/\/secure.gravatar.com\/avatar\/e5312f21b37eec0871f00feffaf403580ddf46c2d055479cc6723fb0100721f2?s=96&d=mm&r=g","url":"https:\/\/secure.gravatar.com\/avatar\/e5312f21b37eec0871f00feffaf403580ddf46c2d055479cc6723fb0100721f2?s=96&d=mm&r=g","height":96,"width":96}},"publisher":{"@type":"Organization","name":"contexo.cz","logo":{"@type":"ImageObject","@id":"\/logo.png","url":"\/logo.png","width":600,"height":60}},"image":{"@type":"ImageObject","@id":"https:\/\/www.contexo.cz\/wp-content\/uploads\/img_a348443_w2402_t1563102739.jpg","url":"https:\/\/www.contexo.cz\/wp-content\/uploads\/img_a348443_w2402_t1563102739.jpg","height":0,"width":0},"url":"https:\/\/www.contexo.cz\/kratke-ci-dlouhe-vlasy\/","about":["\u017divotn\u00ed styl"],"wordCount":446,"articleBody":"A\u0165 u\u017e jste p\u0159\u00edznivcem kter\u00e9hokoli z\u00a0t\u011bchto t\u00e1bor\u016f, v\u011bzte, \u017ee d\u00e9lka vlas\u016f je v\u00a0prvn\u00ed \u0159ad\u011b pouze a pouze na v\u00e1s. Pokud chcete m\u00edt dlouh\u00e9 vlasy, pak v\u00e1m nic nebr\u00e1n\u00ed, pokud je chcete m\u00edt kr\u00e1tk\u00e9, neposlouchejte \u0159e\u010di okol\u00ed a prost\u011b se nechte ost\u0159\u00edhat. Va\u0161e okol\u00ed si zvykne, je to prost\u011b jen va\u0161e volba. V\u00a0tomto \u010dl\u00e1nku se pokus\u00edm shrnout, jak\u00e9 jsou v\u00fdhody a nev\u00fdhody kr\u00e1tk\u00fdch \u010di del\u0161\u00edch vlas\u016f. To samoz\u0159ejm\u011b ka\u017ed\u00fd z\u00a0n\u00e1s zn\u00e1!1.\u00a0\u00a0\u00a0\u00a0\u00a0 Kr\u00e1tk\u00e9 vlasyKr\u00e1tk\u00e9 vlasy jsou jednozna\u010dn\u011b slo\u017eit\u011bj\u0161\u00ed na \u00fadr\u017ebu a na p\u00e9\u010di. V\u011bt\u0161inou sta\u010d\u00ed je um\u00fdt a pou\u017e\u00edt kondicion\u00e9r, kter\u00fd je zvl\u00e1\u010dn\u00ed. A m\u00e1te t\u00e9m\u011b\u0159 hotovo. Jakmile m\u00e1te vlasy umyt\u00e9 a vysu\u0161en\u00e9, dolad\u00edte styl. A to u\u017e m\u016f\u017ee trvat trochu d\u00e9le. Z\u00e1le\u017e\u00ed na tom, jak\u00fd st\u0159ih vlas\u016f m\u00e1te. N\u011bkter\u00e9 jsou bez\u00fadr\u017ebov\u00e9 a nemus\u00edte se slo\u017eit\u011b \u010desat, jin\u00e9 jsou slo\u017eit\u011bj\u0161\u00ed a str\u00e1v\u00edte p\u0159ed zrcadlem i n\u011bkolik hodin. Kr\u00e1tk\u00e9 vlasy jsou tak\u00e9 n\u00e1ro\u010dn\u011bj\u0161\u00ed na kade\u0159n\u00edka. U kade\u0159n\u00edka budete \u010dast\u011bji ne\u017e s\u00a0vlasy del\u0161\u00edmi, proto\u017ee na kr\u00e1tk\u00fdch vlasech jde velice rychle vid\u011bt, \u017ee jsou p\u0159erostl\u00e9. Velkou v\u00fdhodou je, \u017ee v\u00a0l\u00e9t\u011b, kdy\u017e je horko, se v\u00e1m nebude potit krk a celkov\u011b v\u00e1m nebude takov\u00e9 horko.2.\u00a0\u00a0\u00a0\u00a0\u00a0 Dlouh\u00e9 vlasyDlouh\u00e9 vlasy jsou v\u011bt\u0161inou vn\u00edm\u00e1ny jako \u017eensk\u00e9, kr\u00e1sn\u00e9, mlad\u00e9 ale tak\u00e9 n\u00e1ro\u010dn\u00e9 na p\u00e9\u010di o n\u011b. Myt\u00edm vlas\u016f str\u00e1v\u00edte v\u00edce \u010dasu ne\u017e um\u00fdv\u00e1n\u00ed vlas\u016f kr\u00e1tk\u00fdch. Nejsp\u00ed\u0161 budete pot\u0159ebovat tak\u00e9 v\u00edce \u0161amponu a kondicion\u00e9ru, kter\u00e9 v\u00e1m budou rychleji mizet. Samotn\u00e1 \u00faprava vlas\u016f b\u00fdv\u00e1 rychlej\u0161\u00ed, sta\u010d\u00ed je nechat jednodu\u0161e rozpu\u0161t\u011bn\u00e9, nebo je sv\u00e1zat do cul\u00edku. Dlouh\u00e9 vlasy jsou tak\u00e9 univerz\u00e1ln\u011bj\u0161\u00ed \u2013 na sport je sv\u00e1\u017eete, do divadla u\u010de\u0161ete elegantn\u00ed drdol, do \u0161koly ud\u011bl\u00e1te cul\u00edk \u010di cop\u2026 Co se p\u00e9\u010de u kade\u0159n\u00edka, ceny jsou r\u016fzn\u00e9. V\u011bt\u0161inou v\u0161ak plat\u00ed, \u017ee za dlouh\u00e9 vlasy jsou p\u0159i st\u0159\u00edh\u00e1n\u00ed dra\u017e\u0161\u00ed \u2013 kade\u0159n\u00edk si vezme v\u00edce pen\u011bz za pr\u00e1ci, barven\u00ed, \u010des\u00e1n\u00ed a dal\u0161\u00ed slu\u017eby.Ob\u011b varianty maj\u00ed sv\u00e1 pro a proti, ve v\u00fdsledku z\u00e1le\u017e\u00ed pouze na va\u0161ich preferenc\u00edch a tu\u017eb\u00e1ch\u2026                                                                                                                                                                                                                                                                                                                                                                                        4.4\/5 - (9 votes)        "},{"@context":"https:\/\/schema.org\/","@type":"BreadcrumbList","itemListElement":[{"@type":"ListItem","position":1,"name":"Kr\u00e1tk\u00e9 \u010di dlouh\u00e9 vlasy?","item":"https:\/\/www.contexo.cz\/kratke-ci-dlouhe-vlasy\/#breadcrumbitem"}]}]