[{"@context":"https:\/\/schema.org\/","@type":"Article","@id":"https:\/\/www.contexo.cz\/jake-vyhody-prinasi-elektricke-infracervene-vytapeni\/#Article","mainEntityOfPage":"https:\/\/www.contexo.cz\/jake-vyhody-prinasi-elektricke-infracervene-vytapeni\/","headline":"Jak\u00e9 v\u00fdhody p\u0159in\u00e1\u0161\u00ed elektrick\u00e9 infra\u010derven\u00e9 vyt\u00e1p\u011bn\u00ed","name":"Jak\u00e9 v\u00fdhody p\u0159in\u00e1\u0161\u00ed elektrick\u00e9 infra\u010derven\u00e9 vyt\u00e1p\u011bn\u00ed","description":"Dalo by se s \u00fasp\u011bchem \u0159\u00edci, \u017ee v sou\u010dasn\u00e9 dob\u011b za\u017e\u00edvaj\u00ed elektrick\u00e9 infraz\u00e1\u0159i\u010de svou renesanci. Modern\u00ed elektrick\u00e9 infra\u010derven\u00e9 vyt\u00e1p\u011bn\u00ed je [&hellip;]","datePublished":"2024-05-03","dateModified":"2024-05-17","author":{"@type":"Person","@id":"https:\/\/www.contexo.cz\/author\/#Person","name":"","url":"https:\/\/www.contexo.cz\/author\/","identifier":1,"image":{"@type":"ImageObject","@id":"https:\/\/secure.gravatar.com\/avatar\/e5312f21b37eec0871f00feffaf403580ddf46c2d055479cc6723fb0100721f2?s=96&d=mm&r=g","url":"https:\/\/secure.gravatar.com\/avatar\/e5312f21b37eec0871f00feffaf403580ddf46c2d055479cc6723fb0100721f2?s=96&d=mm&r=g","height":96,"width":96}},"publisher":{"@type":"Organization","name":"contexo.cz","logo":{"@type":"ImageObject","@id":"\/logo.png","url":"\/logo.png","width":600,"height":60}},"image":{"@type":"ImageObject","@id":"https:\/\/www.contexo.cz\/wp-content\/uploads\/infra_9Gr6Zk.jpg","url":"https:\/\/www.contexo.cz\/wp-content\/uploads\/infra_9Gr6Zk.jpg","height":0,"width":0},"url":"https:\/\/www.contexo.cz\/jake-vyhody-prinasi-elektricke-infracervene-vytapeni\/","about":["Produkty"],"wordCount":389,"articleBody":"      Dalo by se s \u00fasp\u011bchem \u0159\u00edci, \u017ee v sou\u010dasn\u00e9 dob\u011b za\u017e\u00edvaj\u00ed elektrick\u00e9 infraz\u00e1\u0159i\u010de svou renesanci. Modern\u00ed elektrick\u00e9 infra\u010derven\u00e9 vyt\u00e1p\u011bn\u00ed je st\u00e1le obl\u00edben\u011bj\u0161\u00ed nejen v klasick\u00fdch bytov\u00fdch domech, ale tak\u00e9 v kancel\u00e1\u0159\u00edch a jin\u00fdch prostor\u00e1ch.  Elektrick\u00fd infraz\u00e1\u0159i\u010d funguje v podstat\u011b jednodu\u0161e na principu p\u0159em\u011bny elektrick\u00e9 energie na infra\u010derven\u00e9 z\u00e1\u0159en\u00ed.   To dopad\u00e1 na osv\u011btlen\u00e9 plochy a m\u011bn\u00ed se na teplo.  Toto teplo se tedy nep\u0159en\u00e1\u0161\u00ed vzduchem, ale p\u016fsob\u00ed p\u0159\u00edmo na osoby nebo p\u0159edm\u011bty.   T\u00edm p\u00e1dem nedoch\u00e1z\u00ed k \u017e\u00e1dn\u00fdm tepeln\u00fdm ztr\u00e1t\u00e1m.  Elektrick\u00e9 infraz\u00e1\u0159i\u010de jsou tedy efektivn\u00ed alternativou topen\u00ed p\u0159edev\u0161\u00edm pro klimaticky neutr\u00e1ln\u00ed vyt\u00e1p\u011bn\u00ed. Samotn\u00e9 infraz\u00e1\u0159i\u010de se vyr\u00e1b\u011bj\u00ed ve \u010dty\u0159ech z\u00e1kladn\u00edch variant\u00e1ch, kter\u00e9 se od sebe li\u0161\u00ed velikost\u00ed, v\u00fdkonem a tak\u00e9 v\u00fd\u0161kou zav\u011b\u0161en\u00ed. Proto jsou vhodn\u00e9 tak\u00e9 pro vyt\u00e1p\u011bn\u00ed velk\u00fdch pr\u016fmyslov\u00fdch hal, obchod\u016f, d\u00edlen nebo sportovn\u00edch za\u0159\u00edzen\u00ed.  Hlavn\u00ed v\u00fdhody elektrick\u00fdch infraz\u00e1\u0159i\u010d\u016f Modern\u00ed elektrick\u00e9 s\u00e1lav\u00e9 infraz\u00e1\u0159i\u010de p\u0159in\u00e1\u0161ej\u00ed mnoho nesporn\u00fdch v\u00fdhod. K t\u011bm nejz\u00e1sadn\u011bj\u0161\u00edm pat\u0159\u00ed p\u0159edev\u0161\u00edm:   rychl\u00e9 zah\u0159\u00edv\u00e1n\u00ed z\u00e1\u0159i\u010de nepot\u0159ebuj\u00ed prakticky \u017e\u00e1dn\u00fd \u010das na rozeh\u0159\u00e1t\u00ed a jsou tedy vhodn\u00e9 pro poskytnut\u00ed rychl\u00e9ho tepla. c\u00edlen\u00e9 teplo  t\u00edm, \u017ee s\u00e1lav\u00e9 z\u00e1\u0159i\u010de oh\u0159\u00edvaj\u00ed c\u00edlen\u011b p\u0159\u00edmo osoby a p\u0159edm\u011bty, nedoch\u00e1z\u00ed k energetick\u00fdm ztr\u00e1t\u00e1m. \u017e\u00e1dn\u00fd pohyb vzduchu  d\u00edky tomu, \u017ee zde nedoch\u00e1z\u00ed k nucen\u00e9 konvenci vzduchu, je zachov\u00e1n pot\u0159ebn\u00fd komfort v interi\u00e9ru. Nezved\u00e1 se prach ani jin\u00e9 \u010d\u00e1stice. z\u00f3nov\u00e1 regulace vyt\u00e1p\u011bn\u00ed  topn\u00e1 t\u011blesa je mo\u017en\u00e9 nainstalovat v p\u0159edem ur\u010den\u00fdch z\u00f3n\u00e1ch a vyt\u00e1p\u011bt tak jednotliv\u00e9 oblasti c\u00edlen\u011b a podle pot\u0159eby. nen\u00e1ro\u010dn\u00e1 \u00fadr\u017eba  jedn\u00e1 se takzvan\u00e9 \u201e\u010dist\u00e9 topen\u00ed\u201c, p\u0159i kter\u00e9m nedoch\u00e1z\u00ed k tvo\u0159en\u00ed \u017e\u00e1dn\u00e9ho odpadu. Nav\u00edc jsou z\u00e1\u0159i\u010de konstruov\u00e1ny tak, \u017ee nemaj\u00ed \u017e\u00e1dn\u00e9 pohybliv\u00e9 \u010d\u00e1sti a topn\u00e9 t\u011bleso je tak\u00e9 mo\u017en\u00e9 snadno a bez probl\u00e9m\u016f vym\u011bnit.                                                                                                                                                                                                                                                                                                                                                                                          4.5\/5 - (8 votes)        "},{"@context":"https:\/\/schema.org\/","@type":"BreadcrumbList","itemListElement":[{"@type":"ListItem","position":1,"name":"Jak\u00e9 v\u00fdhody p\u0159in\u00e1\u0161\u00ed elektrick\u00e9 infra\u010derven\u00e9 vyt\u00e1p\u011bn\u00ed","item":"https:\/\/www.contexo.cz\/jake-vyhody-prinasi-elektricke-infracervene-vytapeni\/#breadcrumbitem"}]}]